{"id":2582,"date":"2023-09-27T13:48:51","date_gmt":"2023-09-27T13:48:51","guid":{"rendered":"https:\/\/businessjurnalmedia.com\/?p=2582"},"modified":"2023-10-18T14:22:27","modified_gmt":"2023-10-18T14:22:27","slug":"h-e-sandra-de-waele-ambassador-of-the-european-union-to-lebanonat-the-opening-of-the-28-th-european-film-festival-in-lebanon","status":"publish","type":"post","link":"https:\/\/businessjurnalmedia.com\/?p=2582","title":{"rendered":"H.E. Sandra De Waele, Ambassador of the European Union to Lebanonat the Opening of the 28 th European Film Festival in Lebanon"},"content":{"rendered":"\n<p>Sursock Museum, <\/p>\n\n\n\n<p>\u0645\u0633\u0627\u0621 \u0627\u0644\u062e\u064a\u0631\u060c \u0648\u0623\u0647\u0644\u0627 \u0648\u0633\u0647\u0644\u0627 \u0628\u0645\u0647\u0631\u062c\u0627\u0646 \u0627\u0644\u0633\u064a\u0646\u0645\u0627 \u0627\u0644\u0623\u0648\u0631\u0648\u0628\u064a\u0629 \u0628\u0644\u0628\u0646\u0627\u0646!<br>I am delighted to be standing here today, to open my first European Film Festival as<br>EU Ambassador to Lebanon. This may be a first for me, but it is most definitely not a<br>first for the festival: tonight we are opening the 28 th edition of a festival that over the<br>years has become a landmark in Lebanon\u2019s cultural agenda.<br>The first European Film Festival in Lebanon took place thirty years ago, in 1993\u2026<br>Three decades of European Film Festivals\u2026 That is quite something\u2026. It is very<br>telling of the strong cultural ties between us.<br>I visited Lebanon for the first time some ten years ago, and like many Europeans,<br>quickly felt a connection to your country. Maybe it is because of the mix of languages<br>that we hear on the streets. Maybe it\u2019s the cultural diversity that reminds us of<br>Europe. Maybe it\u2019s the variety of Lebanon\u2019s landscapes, or the familiar scents and<br>flavours that we come across in the countries around the Mediterranean Sea. But<br>without any doubt, it is also &#8211; maybe even most importantly &#8211; the fact that in Lebanon,<br>you feel free. Free to speak your mind, free to simply be yourself.<br>And that is what the European Film Festival is all about. Over the years, the Festival<br>grew into a platform to promote creativity and defend freedom of expression. It has<br>become a welcoming space for us to come together and exchange on issues that<br>matter to both Lebanese and Europeans.<\/p>\n\n\n\n<p>CHECK AGAINST DELIVERY<\/p>\n\n\n\n<p>2<\/p>\n\n\n\n<p>Ceci est refl\u00e9t\u00e9 chaque ann\u00e9e dans la s\u00e9lection vari\u00e9e de films propos\u00e9s par nos<br>Etats Membres. Le programme de cette \u00e9dition comprend 27 long-m\u00e9trages r\u00e9cents<br>des diff\u00e9rents pays de l\u2019Union europ\u00e9enne, y-inclus le film qui a remport\u00e9 le plus<br>grand nombre de C\u00e9sars en 2023.<br>Il y en a pour tous les go\u00fbts: des classiques restaur\u00e9s pour les nostalgiques parmi<br>nous, des dessins anim\u00e9s pour les enfants (ou pour tous les jeunes d\u2019esprit), un cin\u00e9-<br>concert pour les amateurs de musique, et bien plus encore.<br>Like Europe, Lebanon has a rich and diverse cultural heritage that takes many forms<br>\u2013 and cinema is only one of them. In recent years, despite the challenges brought by<br>the crisis, many Lebanese movies have made it to international festivals. And this is<br>something to be proud of. To honour Lebanese cinema, the European Film Festival<br>will close on October 4 th , with the premiere of Riverbed, by Lebanese director<br>Bassem Breish. We will also continue the tradition of screening short films produced<br>by young, emerging Lebanese filmmakers and we will be awarding prizes to the best<br>among them.<br>I would like to thank all our partners for their contribution to this 28 th edition:<br>Metropolis Association for putting together a rich and diverse programme in Beirut,<br>Hermel, Saida, Tripoli, Jounieh, Byblos and Zahl\u00e9; our Member States for their<br>invaluable contribution through films, awards and workshops; and the Sursock<br>Museum for hosting us in such a magical setting tonight.<br>Le festival n\u2019aurait pas connu un tel succ\u00e8s \u2013 et une telle expansion &#8211; au cours des<br>ann\u00e9es sans le soutien des milliers d\u2019amateurs de cin\u00e9ma qui ont assist\u00e9 aux<br>s\u00e9ances depuis 1993. Merci \u00e0 vous, de nous avoir accompagn\u00e9 dans cette aventure.<br>Without further ado, I leave the floor to my colleague, Ambassador Jes\u00fas Santos<br>Aguado, who will tell us more about Ramona, the film presented by Spain that will be<br>opening the 28 th edition of the European Film Festival.<br>I hope you will enjoy the festival<\/p>\n","protected":false},"excerpt":{"rendered":"<p>Sursock Museum, \u0645\u0633\u0627\u0621 \u0627\u0644\u062e\u064a\u0631\u060c \u0648\u0623\u0647\u0644\u0627 \u0648\u0633\u0647\u0644\u0627 \u0628\u0645\u0647\u0631\u062c\u0627\u0646 \u0627\u0644\u0633\u064a\u0646\u0645\u0627 \u0627\u0644\u0623\u0648\u0631\u0648\u0628\u064a\u0629 \u0628\u0644\u0628\u0646\u0627\u0646!I am delighted to be standing here today, to open my first European Film Festival asEU Ambassador to Lebanon. This may be a first for me, but it is most definitely not afirst for the festival: tonight we are opening the 28 th edition of a festival that over theyears has become a landmark in Lebanon\u2019s cultural agenda.The first European Film Festival in Lebanon took place thirty years ago, in 1993\u2026Three [&hellip;]<\/p>\n","protected":false},"author":8,"featured_media":2583,"comment_status":"open","ping_status":"open","sticky":false,"template":"","format":"standard","meta":{"footnotes":""},"categories":[74],"tags":[],"class_list":["post-2582","post","type-post","status-publish","format-standard","has-post-thumbnail","hentry","category-embassies"],"_links":{"self":[{"href":"https:\/\/businessjurnalmedia.com\/index.php?rest_route=\/wp\/v2\/posts\/2582","targetHints":{"allow":["GET"]}}],"collection":[{"href":"https:\/\/businessjurnalmedia.com\/index.php?rest_route=\/wp\/v2\/posts"}],"about":[{"href":"https:\/\/businessjurnalmedia.com\/index.php?rest_route=\/wp\/v2\/types\/post"}],"author":[{"embeddable":true,"href":"https:\/\/businessjurnalmedia.com\/index.php?rest_route=\/wp\/v2\/users\/8"}],"replies":[{"embeddable":true,"href":"https:\/\/businessjurnalmedia.com\/index.php?rest_route=%2Fwp%2Fv2%2Fcomments&post=2582"}],"version-history":[{"count":1,"href":"https:\/\/businessjurnalmedia.com\/index.php?rest_route=\/wp\/v2\/posts\/2582\/revisions"}],"predecessor-version":[{"id":2584,"href":"https:\/\/businessjurnalmedia.com\/index.php?rest_route=\/wp\/v2\/posts\/2582\/revisions\/2584"}],"wp:featuredmedia":[{"embeddable":true,"href":"https:\/\/businessjurnalmedia.com\/index.php?rest_route=\/wp\/v2\/media\/2583"}],"wp:attachment":[{"href":"https:\/\/businessjurnalmedia.com\/index.php?rest_route=%2Fwp%2Fv2%2Fmedia&parent=2582"}],"wp:term":[{"taxonomy":"category","embeddable":true,"href":"https:\/\/businessjurnalmedia.com\/index.php?rest_route=%2Fwp%2Fv2%2Fcategories&post=2582"},{"taxonomy":"post_tag","embeddable":true,"href":"https:\/\/businessjurnalmedia.com\/index.php?rest_route=%2Fwp%2Fv2%2Ftags&post=2582"}],"curies":[{"name":"wp","href":"https:\/\/api.w.org\/{rel}","templated":true}]}}